{"id":1038,"date":"2018-08-14T06:17:05","date_gmt":"2018-08-14T06:17:05","guid":{"rendered":"http:\/\/de.esfkosovo.org\/?p=1038"},"modified":"2018-08-14T06:17:31","modified_gmt":"2018-08-14T06:17:31","slug":"angriff-auf-junge-rueckkehrer-im-kosovo","status":"publish","type":"post","link":"http:\/\/de.esfkosovo.org\/?p=1038","title":{"rendered":"Angriff auf junge serbische R\u00fcckkehrer im Kosovo"},"content":{"rendered":"<p>ISTOG. Wie <a href=\"https:\/\/www.kurir.rs\/crna-hronika\/3101265\/uzas-na-kosovu-albanci-pucali-na-srpski-bracni-par-i-njihovu-maloletnu-decu-metak-prosao-pored-glave-majke\" target=\"_blank\" rel=\"noopener\">kurir.rs<\/a> berichtet, ereignete sich im Dorf \u017da\u010d bei Istog ein Anschlag auf das verheiratete R\u00fcckkehrerpaar Marijana und Veljko Komatovi\u0107 und ihre zwei minderj\u00e4hrigen Kinder im Alter von f\u00fcnf und drei Jahren. Bisher unbekannte T\u00e4ter schossen am Nachmittag des 11. August auf die Familie.<\/p>\n<p>\u201eMan h\u00f6rte das Schie\u00dfen aus einer Entfernung von etwa 500 Metern, als ich mit meinem Rasenm\u00e4her den Rasen im Garten m\u00e4hte und meine Frau und ich mit den Kindern zusammen waren. Die Kugel, die ihren Kopf nur knapp verfehlte, traf den nahe gelegenen M\u00fclleimer. Es war reines Gl\u00fcck, dass meine Frau und die Kinder unversehrt geblieben sind\u201c, sagte der junge R\u00fcckkehrer, der im Dorf \u017da\u010d einen echten Heimkehrer-Haushalt eingerichtet hat.<\/p>\n<p>Im Dorf \u017da\u010d, unweit von Istog, gibt es von den rund 800 Serben, die bis 1999 dort lebten, heute nur noch etwa 40 Menschen. Seit ihrer R\u00fcckkehr im Jahr 2010 wurden sie immer wieder das Ziel von Angriffen der lokalen Albaner, welche bis dahin ihr Eigentum genutzt hatten und es zum Gro\u00dfteil bis heute in widerrechtlichem Besitz haben.<\/p>\n","protected":false},"excerpt":{"rendered":"<p>ISTOG. Wie kurir.rs berichtet, ereignete sich im Dorf \u017da\u010d bei Istog ein Anschlag auf das verheiratete R\u00fcckkehrerpaar Marijana und Veljko Komatovi\u0107 und ihre zwei minderj\u00e4hrigen Kinder im Alter von f\u00fcnf&#8230;<\/p>\n","protected":false},"author":1,"featured_media":663,"comment_status":"closed","ping_status":"open","sticky":false,"template":"","format":"standard","meta":{"jetpack_post_was_ever_published":false,"_jetpack_newsletter_access":"","_jetpack_dont_email_post_to_subs":false,"_jetpack_newsletter_tier_id":0,"_jetpack_memberships_contains_paywalled_content":false,"_jetpack_memberships_contains_paid_content":false,"footnotes":"","jetpack_publicize_message":"","jetpack_publicize_feature_enabled":true,"jetpack_social_post_already_shared":true,"jetpack_social_options":{"image_generator_settings":{"template":"highway","enabled":false},"version":2}},"categories":[41],"tags":[195,84,140,131,10,64,194,193],"class_list":["post-1038","post","type-post","status-publish","format-standard","has-post-thumbnail","hentry","category-meldungen","tag-attacke","tag-familie","tag-istog","tag-kinder","tag-kosovo","tag-rueckkehrer","tag-schiesserei","tag-zac","entry"],"jetpack_publicize_connections":[],"jetpack_featured_media_url":"http:\/\/de.esfkosovo.org\/wp-content\/uploads\/2016\/12\/kp.png","jetpack_sharing_enabled":true,"jetpack_shortlink":"https:\/\/wp.me\/p5GANn-gK","_links":{"self":[{"href":"http:\/\/de.esfkosovo.org\/index.php?rest_route=\/wp\/v2\/posts\/1038","targetHints":{"allow":["GET"]}}],"collection":[{"href":"http:\/\/de.esfkosovo.org\/index.php?rest_route=\/wp\/v2\/posts"}],"about":[{"href":"http:\/\/de.esfkosovo.org\/index.php?rest_route=\/wp\/v2\/types\/post"}],"author":[{"embeddable":true,"href":"http:\/\/de.esfkosovo.org\/index.php?rest_route=\/wp\/v2\/users\/1"}],"replies":[{"embeddable":true,"href":"http:\/\/de.esfkosovo.org\/index.php?rest_route=%2Fwp%2Fv2%2Fcomments&post=1038"}],"version-history":[{"count":2,"href":"http:\/\/de.esfkosovo.org\/index.php?rest_route=\/wp\/v2\/posts\/1038\/revisions"}],"predecessor-version":[{"id":1040,"href":"http:\/\/de.esfkosovo.org\/index.php?rest_route=\/wp\/v2\/posts\/1038\/revisions\/1040"}],"wp:featuredmedia":[{"embeddable":true,"href":"http:\/\/de.esfkosovo.org\/index.php?rest_route=\/wp\/v2\/media\/663"}],"wp:attachment":[{"href":"http:\/\/de.esfkosovo.org\/index.php?rest_route=%2Fwp%2Fv2%2Fmedia&parent=1038"}],"wp:term":[{"taxonomy":"category","embeddable":true,"href":"http:\/\/de.esfkosovo.org\/index.php?rest_route=%2Fwp%2Fv2%2Fcategories&post=1038"},{"taxonomy":"post_tag","embeddable":true,"href":"http:\/\/de.esfkosovo.org\/index.php?rest_route=%2Fwp%2Fv2%2Ftags&post=1038"}],"curies":[{"name":"wp","href":"https:\/\/api.w.org\/{rel}","templated":true}]}}