{"id":1432,"date":"2022-03-18T17:45:30","date_gmt":"2022-03-18T17:45:30","guid":{"rendered":"http:\/\/de.esfkosovo.org\/?p=1432"},"modified":"2022-03-18T17:55:40","modified_gmt":"2022-03-18T17:55:40","slug":"esfk-zu-gast-beim-televizija-srpske-dijaspore","status":"publish","type":"post","link":"http:\/\/de.esfkosovo.org\/?p=1432","title":{"rendered":"ESFK zu Gast beim Televizija srpske dijaspore"},"content":{"rendered":"<p>Im November des Jahres 2021 wurde uns die Ehre zuteil, Gast beim <a href=\"https:\/\/tsd-tv.com\/\" target=\"_blank\" rel=\"noopener\">Fernsehsender der serbischen Diaspora<\/a> in M\u00fcnchen zu sein. Mit Gastgeber Goran sprachen wir \u00fcber unsere Projekt, unsere Beweggr\u00fcnde und auch pers\u00f6nliche Eindr\u00fccke und Erlebnisse.<\/p>\n<p>Im Namen all unserer europ\u00e4ischen Freiwilligen bedanken wir uns bei TSD f\u00fcr diese M\u00f6glichkeit und hoffen, auf diesem Wege vielleicht einige neue Helfer und Unterst\u00fctzer f\u00fcr unsere kommenden Projekte f\u00fcr die Serben in Kosovo und Metochien zu gewinnen.<\/p>\n<div style=\"width: 640px;\" class=\"wp-video\"><!--[if lt IE 9]><script>document.createElement('video');<\/script><![endif]-->\n<video class=\"wp-video-shortcode\" id=\"video-1432-1\" width=\"640\" height=\"360\" preload=\"metadata\" controls=\"controls\"><source type=\"video\/mp4\" src=\"http:\/\/de.esfkosovo.org\/wp-content\/uploads\/2022\/03\/Otvoreno-Mike-Mueller.mp4?_=1\" \/><a href=\"http:\/\/de.esfkosovo.org\/wp-content\/uploads\/2022\/03\/Otvoreno-Mike-Mueller.mp4\">http:\/\/de.esfkosovo.org\/wp-content\/uploads\/2022\/03\/Otvoreno-Mike-Mueller.mp4<\/a><\/video><\/div>\n","protected":false},"excerpt":{"rendered":"<p>Im November des Jahres 2021 wurde uns die Ehre zuteil, Gast beim Fernsehsender der serbischen Diaspora in M\u00fcnchen zu sein. Mit Gastgeber Goran sprachen wir \u00fcber unsere Projekt, unsere Beweggr\u00fcnde&#8230;<\/p>\n","protected":false},"author":1,"featured_media":1439,"comment_status":"closed","ping_status":"open","sticky":false,"template":"","format":"standard","meta":{"jetpack_post_was_ever_published":false,"_jetpack_newsletter_access":"","_jetpack_dont_email_post_to_subs":false,"_jetpack_newsletter_tier_id":0,"_jetpack_memberships_contains_paywalled_content":false,"_jetpack_memberships_contains_paid_content":false,"footnotes":"","jetpack_publicize_message":"","jetpack_publicize_feature_enabled":true,"jetpack_social_post_already_shared":true,"jetpack_social_options":{"image_generator_settings":{"template":"highway","enabled":false},"version":2}},"categories":[78],"tags":[242,48,243,244,241,237,10,240,16,239,238,226,236,235],"class_list":["post-1432","post","type-post","status-publish","format-standard","has-post-thumbnail","hentry","category-presse-medien","tag-ehrenamt","tag-esfk","tag-europa","tag-freiwillige","tag-humanitre-hilfe","tag-interview","tag-kosovo","tag-maik-mueller","tag-metochien","tag-muenchen","tag-otvoreno","tag-serbien","tag-televizija-srpske-dijaspore","tag-tsd","entry"],"jetpack_publicize_connections":[],"jetpack_featured_media_url":"http:\/\/de.esfkosovo.org\/wp-content\/uploads\/2022\/03\/tsd.jpg","jetpack_sharing_enabled":true,"jetpack_shortlink":"https:\/\/wp.me\/p5GANn-n6","_links":{"self":[{"href":"http:\/\/de.esfkosovo.org\/index.php?rest_route=\/wp\/v2\/posts\/1432","targetHints":{"allow":["GET"]}}],"collection":[{"href":"http:\/\/de.esfkosovo.org\/index.php?rest_route=\/wp\/v2\/posts"}],"about":[{"href":"http:\/\/de.esfkosovo.org\/index.php?rest_route=\/wp\/v2\/types\/post"}],"author":[{"embeddable":true,"href":"http:\/\/de.esfkosovo.org\/index.php?rest_route=\/wp\/v2\/users\/1"}],"replies":[{"embeddable":true,"href":"http:\/\/de.esfkosovo.org\/index.php?rest_route=%2Fwp%2Fv2%2Fcomments&post=1432"}],"version-history":[{"count":2,"href":"http:\/\/de.esfkosovo.org\/index.php?rest_route=\/wp\/v2\/posts\/1432\/revisions"}],"predecessor-version":[{"id":1438,"href":"http:\/\/de.esfkosovo.org\/index.php?rest_route=\/wp\/v2\/posts\/1432\/revisions\/1438"}],"wp:featuredmedia":[{"embeddable":true,"href":"http:\/\/de.esfkosovo.org\/index.php?rest_route=\/wp\/v2\/media\/1439"}],"wp:attachment":[{"href":"http:\/\/de.esfkosovo.org\/index.php?rest_route=%2Fwp%2Fv2%2Fmedia&parent=1432"}],"wp:term":[{"taxonomy":"category","embeddable":true,"href":"http:\/\/de.esfkosovo.org\/index.php?rest_route=%2Fwp%2Fv2%2Fcategories&post=1432"},{"taxonomy":"post_tag","embeddable":true,"href":"http:\/\/de.esfkosovo.org\/index.php?rest_route=%2Fwp%2Fv2%2Ftags&post=1432"}],"curies":[{"name":"wp","href":"https:\/\/api.w.org\/{rel}","templated":true}]}}