{"id":38,"date":"2015-01-03T17:13:32","date_gmt":"2015-01-03T17:13:32","guid":{"rendered":"http:\/\/de.esfkosovo.org\/?p=38"},"modified":"2015-02-18T18:53:55","modified_gmt":"2015-02-18T18:53:55","slug":"es-begann-mit-einer-luge","status":"publish","type":"post","link":"http:\/\/de.esfkosovo.org\/?p=38","title":{"rendered":"Es begann mit einer L\u00fcge!"},"content":{"rendered":"<p>24. M\u00e4rz 1999: Im italienischen Piacenza starten deutsche Kampfjets gegen Jugoslawien. Es ist der erste Kriegseinsatz deutscher Soldaten nach dem Zweiten Weltkrieg &#8211; ein Tabubruch.<\/p>\n<p><center><\/center><center><iframe loading=\"lazy\" src=\"\/\/www.youtube.com\/embed\/ZtkQYRlXMNU?feature=player_detailpage\" width=\"640\" height=\"360\" frameborder=\"0\" allowfullscreen=\"allowfullscreen\"><\/iframe><\/center><\/p>\n<p>Bundeskanzler Schr\u00f6der erkl\u00e4rt im Fernsehen: &#8222;Wir f\u00fchren keinen Krieg, aber wir sind aufgerufen eine friedliche L\u00f6sung im Kosovo auch mit milit\u00e4rischen Mitteln durchzusetzen.&#8220; 78 Tage f\u00fchrte die NATO dann Krieg gegen Jugoslawien &#8211; nicht nur mit Bomben. NATO-Sprecher Shea bringt es im Film auf den Punkt. &#8222;Dieser Krieg war auch ein Kampf um die Bilder.&#8220;<br \/>\nNur aus einem Grund durften deutsche Soldaten am Krieg teilnehmen und der hiess: Abwendung einer humanit\u00e4ren Katastrophe. Doch war dieses Szenario &#8211; vor dem Bombardement der NATO &#8211; im Kosovo anzutreffen? Gab es die ethnischen S\u00e4uberungen wirklich schon vor dem Krieg? Heute sagt Norma Brown, enge Mitarbeiterin von OSZE-Chef William Walker: &#8222;Die humanit\u00e4re Katastrophe im Kosovo gab es erst durch die NATO-Luftangriffe. Dass diese die Katastrophe ausl\u00f6sen w\u00fcrde, wussten alle bei der NATO, der OSZE und bei unserer Beobachter-Gruppe.&#8220; Der Krieg im Kosovo &#8211; gef\u00fchrt im Namen der Menschlichkeit &#8211; begann mit einer L\u00fcge.<\/p>\n<p>Drei Jahre nach dem Krieg ist die \u00d6ffentlichkeit um einiges kl\u00fcger. Den story-Autoren Angerer und Werth ist es gelungen, hochrangige Milit\u00e4rs bei Bundeswehr und NATO zu befragen, die an den Kriegsvorbereitungen unmittelbar beteiligt waren. Sie sprachen mit Beratern der US-Regierung, dem damaligen NATO-Sprecher Jamie Shea und mit Verteidigungsminister Rudolf Scharping. Vor allem aber unternahmen sie aufwendige Recherchen vor Ort im Kosovo. Herausgekommen ist: ein Lehrst\u00fcck in Sachen Kriegspropaganda &#8211; made in Germany.<\/p>\n<p>&#8222;Im Kampf um die \u00f6ffentliche Meinung spielte Scharping eine entscheidende Rolle&#8220; bescheinigt NATO-Sprecher Shea dem deutschen Minister. Und in der Tat: Zahlreiche neue Zeugenaussagen und bislang unver\u00f6ffentlichte geheime Lageberichte aus Scharpings Beh\u00f6rde machen wichtige &#8222;Beweisst\u00fccke&#8220; zur Farce.<\/p>\n<p>Es begann mit einer L\u00fcge &#8211; so das Fazit der WDR-Dokumentation \u00fcber den ersten Kriegseinsatz deutscher Soldaten nach 1945.<\/p>\n","protected":false},"excerpt":{"rendered":"<p>24. M\u00e4rz 1999: Im italienischen Piacenza starten deutsche Kampfjets gegen Jugoslawien. Es ist der erste Kriegseinsatz deutscher Soldaten nach dem Zweiten Weltkrieg &#8211; ein Tabubruch. Bundeskanzler Schr\u00f6der erkl\u00e4rt im Fernsehen:&#8230;<\/p>\n","protected":false},"author":1,"featured_media":0,"comment_status":"open","ping_status":"open","sticky":false,"template":"","format":"standard","meta":{"jetpack_post_was_ever_published":false,"_jetpack_newsletter_access":"","_jetpack_dont_email_post_to_subs":false,"_jetpack_newsletter_tier_id":0,"_jetpack_memberships_contains_paywalled_content":false,"_jetpack_memberships_contains_paid_content":false,"footnotes":"","jetpack_publicize_message":"","jetpack_publicize_feature_enabled":true,"jetpack_social_post_already_shared":false,"jetpack_social_options":{"image_generator_settings":{"template":"highway","enabled":false},"version":2}},"categories":[3],"tags":[4,11,6,10,9,8,7,12,5],"class_list":["post-38","post","type-post","status-publish","format-standard","hentry","category-video","tag-4","tag-bundeswehr","tag-gerhard-schroder","tag-kosovo","tag-krieg","tag-luge","tag-nato","tag-rudolf-scharping","tag-wdr","entry"],"jetpack_publicize_connections":[],"jetpack_featured_media_url":"","jetpack_sharing_enabled":true,"jetpack_shortlink":"https:\/\/wp.me\/p5GANn-C","_links":{"self":[{"href":"http:\/\/de.esfkosovo.org\/index.php?rest_route=\/wp\/v2\/posts\/38","targetHints":{"allow":["GET"]}}],"collection":[{"href":"http:\/\/de.esfkosovo.org\/index.php?rest_route=\/wp\/v2\/posts"}],"about":[{"href":"http:\/\/de.esfkosovo.org\/index.php?rest_route=\/wp\/v2\/types\/post"}],"author":[{"embeddable":true,"href":"http:\/\/de.esfkosovo.org\/index.php?rest_route=\/wp\/v2\/users\/1"}],"replies":[{"embeddable":true,"href":"http:\/\/de.esfkosovo.org\/index.php?rest_route=%2Fwp%2Fv2%2Fcomments&post=38"}],"version-history":[{"count":1,"href":"http:\/\/de.esfkosovo.org\/index.php?rest_route=\/wp\/v2\/posts\/38\/revisions"}],"predecessor-version":[{"id":39,"href":"http:\/\/de.esfkosovo.org\/index.php?rest_route=\/wp\/v2\/posts\/38\/revisions\/39"}],"wp:attachment":[{"href":"http:\/\/de.esfkosovo.org\/index.php?rest_route=%2Fwp%2Fv2%2Fmedia&parent=38"}],"wp:term":[{"taxonomy":"category","embeddable":true,"href":"http:\/\/de.esfkosovo.org\/index.php?rest_route=%2Fwp%2Fv2%2Fcategories&post=38"},{"taxonomy":"post_tag","embeddable":true,"href":"http:\/\/de.esfkosovo.org\/index.php?rest_route=%2Fwp%2Fv2%2Ftags&post=38"}],"curies":[{"name":"wp","href":"https:\/\/api.w.org\/{rel}","templated":true}]}}