{"id":387,"date":"2016-02-02T17:12:50","date_gmt":"2016-02-02T17:12:50","guid":{"rendered":"http:\/\/de.esfkosovo.org\/?p=387"},"modified":"2016-02-02T21:44:11","modified_gmt":"2016-02-02T21:44:11","slug":"kfor-vereitelt-anschlag-auf-kloster-visoki-decani","status":"publish","type":"post","link":"http:\/\/de.esfkosovo.org\/?p=387","title":{"rendered":"KFOR vereitelt Anschlag auf Kloster Visoki De\u010dani"},"content":{"rendered":"<p><span lang=\"de-DE\">DE\u010cANI. Am Abend des 30. Januar, um 21:00 Uhr, wurde <\/span><span lang=\"de-DE\">eine Gruppe von vier bewaffneten albanischen Islamisten vor <\/span><span lang=\"de-DE\">dem serbisch-orthodoxen Kloster <\/span><span lang=\"de-DE\">Visoki De\u010dani i<\/span><span lang=\"de-DE\">m<\/span><span lang=\"de-DE\"> Kosovo festgenommen. <\/span><span lang=\"de-DE\">Italienische KFOR-Truppen <\/span><span lang=\"de-DE\">durchsuchten gemeinsam mit der Kosovo-Polizei Insassen und Fahrzeug, <\/span><span lang=\"de-DE\">ein<\/span><span lang=\"de-DE\">en<\/span><span lang=\"de-DE\"> wei\u00dfe<\/span><span lang=\"de-DE\">n<\/span><span lang=\"de-DE\"> VW Golf, vor dem Haupttor des Klosters. Bei der Durchsuchung wurden neben einschl\u00e4gig islamistischer Literatur auch ein Sturmgewehr AK-47, sowie eine Pistole und die jeweilig zugeh\u00f6rige Munition gefunden und sichergestellt. Bei den potentiellen Angreifern handelt es sich um junger M\u00e4nner im Alter zwischen 20 und 34 Jahren, welche aus verschiedenen Teilen des Kosovo stammen. Bei mindestens einer der Personen sei laut Medieninformationen bereits in der Vergangenheit der Versuch die Provinz \u00fcber den Flughafen <\/span>Pri\u0161tina<span lang=\"de-DE\"> in Richtung Syrien zu verlassen, vereitelt worden. <\/span><\/p>\n<p><span lang=\"de-DE\">Schon<\/span><span lang=\"de-DE\"> i<\/span><span lang=\"de-DE\">m Oktober 2014 <\/span><span lang=\"de-DE\">spr\u00fchten Unbekannte Graffiti von ISIS und AKSH (Albanische Nationalarmee) <\/span><span lang=\"de-DE\">auf zwei Klostertore und Klosteranlagen und nur 4 Monate <\/span><span lang=\"de-DE\">zu<\/span><span lang=\"de-DE\">vor <\/span><span lang=\"de-DE\">ein <\/span><span lang=\"de-DE\">Graffiti<\/span><span lang=\"de-DE\"> der <\/span>U\u00c7K <span lang=\"de-DE\">(<\/span><span lang=\"de-DE\">Kosovo-Befreiungsarmee). <\/span><span lang=\"de-DE\">Die p<\/span><span lang=\"de-DE\">olizeiliche<\/span><span lang=\"de-DE\">n<\/span><span lang=\"de-DE\"> Ermittlungen dieser Vorf\u00e4lle ha<\/span><span lang=\"de-DE\">ben zu <\/span><span lang=\"de-DE\">keine<\/span><span lang=\"de-DE\">m<\/span><span lang=\"de-DE\"> Ergebniss <\/span><span lang=\"de-DE\">gef\u00fchrt. Seit dem Ende des Krieges hat das Kloster Visoki De\u010dani vier bewaffnete Angriffe erlebt.<\/span><span lang=\"de-DE\"> Nur ein Angriff wurde von der Polizei untersucht und ein Kosovo-Albaner im Jahr 2007 <\/span><span lang=\"de-DE\">zu<\/span><span lang=\"de-DE\"> 2,5 Jahre<\/span><span lang=\"de-DE\">n Haft<\/span><span lang=\"de-DE\"> f\u00fcr den Angriff auf das Kloster verurteilt.<\/span><\/p>\n<p><span lang=\"de-DE\">In einer <a href=\"https:\/\/www.facebook.com\/arhimandrit.sava\/posts\/1252921014722034?fref=nf&amp;pnref=story\" target=\"_blank\">ersten Reaktion<\/a> <\/span><span lang=\"de-DE\">teilte <\/span><span lang=\"de-DE\">der Abt de<\/span><span lang=\"de-DE\">s<\/span><span lang=\"de-DE\"> Klosters, Vater Sava Janji\u0107, <\/span><span lang=\"de-DE\">mit<\/span><span lang=\"de-DE\">, <\/span><span lang=\"de-DE\">dass <\/span><span lang=\"de-DE\">sich <\/span><span lang=\"de-DE\">die M\u00f6nche und d<\/span><span lang=\"de-DE\">as<\/span><span lang=\"de-DE\"> im Kloster eingesetzte Personal sicher f\u00fchlen und dass dieser Vorfall ein weiterer Hinweis darauf <\/span><span lang=\"de-DE\">ist<\/span><span lang=\"de-DE\">, dass die Anwesenheit der KFOR, die <\/span><span lang=\"de-DE\">das Kloster in den vergangenen 16 Jahren <\/span><span lang=\"de-DE\">besch\u00fctzt hat, von entscheidender Bedeutung f\u00fcr die Sicherheit dieser <\/span><span lang=\"de-DE\">wichtigen <\/span><span lang=\"de-DE\">religi\u00f6sen <\/span><span lang=\"de-DE\">St\u00e4tte ist<\/span><span lang=\"de-DE\">, <\/span><span lang=\"de-DE\">die<\/span><span lang=\"de-DE\"> zum UNESCO-Weltkulturerbe Serbien<\/span><span lang=\"de-DE\">s z\u00e4hlt<\/span><span lang=\"de-DE\">. <\/span><\/p>\n<p><span lang=\"de-DE\">Weiter verurteilte <\/span><span lang=\"de-DE\">Vater Janji\u0107 <\/span><span lang=\"de-DE\">eine Erkl\u00e4rung des Sprechers der Kosovo-Polizei, Baki Kelani, wonach der Vorfall nicht im Zusammenhang mit Terrorismus st\u00fcnde, sondern es sich lediglich um einen Fall illegalen Waffenbesitzes handle. <\/span>Auch entspr\u00e4che es nicht den Tatsachen, <span lang=\"de-DE\">dass <\/span><span lang=\"de-DE\">die<\/span><span lang=\"de-DE\"> Kosovo-Polizei den Wagen mit Verd\u00e4chtigen <\/span><span lang=\"de-DE\">stoppte<\/span><span lang=\"de-DE\">. <\/span><span lang=\"de-DE\">Das<\/span><span lang=\"de-DE\"> Video-Material <\/span><span lang=\"de-DE\">der \u00dcberwachungsk<\/span><span lang=\"de-DE\">ameras rund um das Kloster <\/span><span lang=\"de-DE\">zeige <\/span><span lang=\"de-DE\">deutlich, dass die Islamisten selbst das Auto vor dem Kloster <\/span><span lang=\"de-DE\">stoppte<\/span><span lang=\"de-DE\">n<\/span><span lang=\"de-DE\"> und die <\/span><span lang=\"de-DE\">Polizeistreife erst sp\u00e4ter <\/span><span lang=\"de-DE\">eintraf um die <\/span><span lang=\"de-DE\">Dokumente und das Auto <\/span><span lang=\"de-DE\">zu \u00fcberpr\u00fcfen<\/span><span lang=\"de-DE\">. \u201eEs ist traurig\u201c, <\/span><span lang=\"de-DE\">so <\/span><span lang=\"de-DE\">Vater Janji\u0107 <\/span><span lang=\"de-DE\">in seiner Erkl\u00e4rung, \u201e<\/span><span lang=\"de-DE\">dass d<\/span><span lang=\"de-DE\">er <\/span><span lang=\"de-DE\">Sprecher <\/span><span lang=\"de-DE\">der Kosovo-Polizei Herr<\/span><span lang=\"de-DE\"> Kelani unrichtige Angaben <\/span><span lang=\"de-DE\">machte<\/span><span lang=\"de-DE\">, ohne die Fakten <\/span><span lang=\"de-DE\">zu kennen<\/span><span lang=\"de-DE\"> und ohne dass jemand von <\/span><span lang=\"de-DE\">der Kosovo-Polizei<\/span><span lang=\"de-DE\"> angefordert <\/span><span lang=\"de-DE\">wurde<\/span><span lang=\"de-DE\">, um die Video-Dateien direkt nach dem Vorfall zu sichten. <\/span><span lang=\"de-DE\">Das <\/span><span lang=\"de-DE\">Publizieren beliebige<\/span><span lang=\"de-DE\">r<\/span><span lang=\"de-DE\"> Informationen <\/span><span lang=\"de-DE\">erweckt den <\/span><span lang=\"de-DE\">Eindruck einer Verharmlosung des Falles. Dies ist auch sch\u00e4dlich <\/span><span lang=\"de-DE\">f\u00fcr das <\/span><span lang=\"de-DE\">bereits vermindert<\/span><span lang=\"de-DE\">e<\/span><span lang=\"de-DE\"> Vertrauen unserer Kirche in d<\/span><span lang=\"de-DE\">ie<\/span><span lang=\"de-DE\"> Kosovo-Polizei insbesondere in Bezug auf den Schutz unserer Standorte, die nicht mehr von der KFOR gesch\u00fctzt sind.\u201c<\/span><\/p>\n<p style=\"text-align: center;\"><a href=\"http:\/\/de.esfkosovo.org\/wp-content\/uploads\/2016\/02\/decani_1_de.jpg\" rel=\"attachment wp-att-388\"><img loading=\"lazy\" decoding=\"async\" data-attachment-id=\"388\" data-permalink=\"http:\/\/de.esfkosovo.org\/?attachment_id=388\" data-orig-file=\"http:\/\/de.esfkosovo.org\/wp-content\/uploads\/2016\/02\/decani_1_de.jpg\" data-orig-size=\"450,300\" data-comments-opened=\"0\" data-image-meta=\"{&quot;aperture&quot;:&quot;0&quot;,&quot;credit&quot;:&quot;&quot;,&quot;camera&quot;:&quot;&quot;,&quot;caption&quot;:&quot;&quot;,&quot;created_timestamp&quot;:&quot;0&quot;,&quot;copyright&quot;:&quot;&quot;,&quot;focal_length&quot;:&quot;0&quot;,&quot;iso&quot;:&quot;0&quot;,&quot;shutter_speed&quot;:&quot;0&quot;,&quot;title&quot;:&quot;&quot;,&quot;orientation&quot;:&quot;0&quot;}\" data-image-title=\"decani_1_de\" data-image-description=\"\" data-image-caption=\"\" data-medium-file=\"http:\/\/de.esfkosovo.org\/wp-content\/uploads\/2016\/02\/decani_1_de-300x200.jpg\" data-large-file=\"http:\/\/de.esfkosovo.org\/wp-content\/uploads\/2016\/02\/decani_1_de.jpg\" tabindex=\"0\" role=\"button\" class=\"size-full wp-image-388 aligncenter\" src=\"http:\/\/de.esfkosovo.org\/wp-content\/uploads\/2016\/02\/decani_1_de.jpg\" alt=\"decani_1_de\" width=\"450\" height=\"300\" srcset=\"http:\/\/de.esfkosovo.org\/wp-content\/uploads\/2016\/02\/decani_1_de.jpg 450w, http:\/\/de.esfkosovo.org\/wp-content\/uploads\/2016\/02\/decani_1_de-300x200.jpg 300w\" sizes=\"auto, (max-width: 450px) 100vw, 450px\" \/><\/a><em>Festnahme der Verd\u00e4chtigen vor dem Kloster.<\/em><br \/>\n<em>Quelle: <a href=\"http:\/\/www.telegraf.rs\/vesti\/srbija\/1977188-naoruzani-dzihadisti-pokusali-napad-na-visoke-decane-4-osobe-s-kalasnjikovima-uhapsene-ispred-manastira-foto\" target=\"_blank\">http:\/\/www.telegraf.rs\/vesti\/srbija\/1977188-naoruzani-dzihadisti-pokusali-napad-na-visoke-decane-4-osobe-s-kalasnjikovima-uhapsene-ispred-manastira-foto<\/a><\/em><\/p>\n<p style=\"text-align: center;\"><a href=\"http:\/\/de.esfkosovo.org\/wp-content\/uploads\/2016\/02\/decani_2_de.jpg\" rel=\"attachment wp-att-389\"><img loading=\"lazy\" decoding=\"async\" data-attachment-id=\"389\" data-permalink=\"http:\/\/de.esfkosovo.org\/?attachment_id=389\" data-orig-file=\"http:\/\/de.esfkosovo.org\/wp-content\/uploads\/2016\/02\/decani_2_de.jpg\" data-orig-size=\"450,300\" data-comments-opened=\"0\" data-image-meta=\"{&quot;aperture&quot;:&quot;0&quot;,&quot;credit&quot;:&quot;&quot;,&quot;camera&quot;:&quot;&quot;,&quot;caption&quot;:&quot;&quot;,&quot;created_timestamp&quot;:&quot;0&quot;,&quot;copyright&quot;:&quot;&quot;,&quot;focal_length&quot;:&quot;0&quot;,&quot;iso&quot;:&quot;0&quot;,&quot;shutter_speed&quot;:&quot;0&quot;,&quot;title&quot;:&quot;&quot;,&quot;orientation&quot;:&quot;0&quot;}\" data-image-title=\"decani_2_de\" data-image-description=\"\" data-image-caption=\"\" data-medium-file=\"http:\/\/de.esfkosovo.org\/wp-content\/uploads\/2016\/02\/decani_2_de-300x200.jpg\" data-large-file=\"http:\/\/de.esfkosovo.org\/wp-content\/uploads\/2016\/02\/decani_2_de.jpg\" tabindex=\"0\" role=\"button\" class=\"size-full wp-image-389 aligncenter\" src=\"http:\/\/de.esfkosovo.org\/wp-content\/uploads\/2016\/02\/decani_2_de.jpg\" alt=\"decani_2_de\" width=\"450\" height=\"300\" srcset=\"http:\/\/de.esfkosovo.org\/wp-content\/uploads\/2016\/02\/decani_2_de.jpg 450w, http:\/\/de.esfkosovo.org\/wp-content\/uploads\/2016\/02\/decani_2_de-300x200.jpg 300w\" sizes=\"auto, (max-width: 450px) 100vw, 450px\" \/><\/a><em>Islamistische Spr\u00fchereien am Kloster.<\/em><br \/>\n<em>Quelle: <a href=\"http:\/\/www.eparhija-prizren.com\/en\/news\/one-day-after-first-graffiti-new-extremist-graffiti-gates-decani-monastery-bishop-teodosije-req\" target=\"_blank\">http:\/\/www.eparhija-prizren.com\/en\/news\/one-day-after-first-graffiti-new-extremist-graffiti-gates-decani-monastery-bishop-teodosije-req<\/a><\/em><\/p>\n<p style=\"text-align: center;\"><a href=\"http:\/\/de.esfkosovo.org\/wp-content\/uploads\/2016\/02\/decani_3_de.jpg\" rel=\"attachment wp-att-390\"><img loading=\"lazy\" decoding=\"async\" data-attachment-id=\"390\" data-permalink=\"http:\/\/de.esfkosovo.org\/?attachment_id=390\" data-orig-file=\"http:\/\/de.esfkosovo.org\/wp-content\/uploads\/2016\/02\/decani_3_de.jpg\" data-orig-size=\"450,300\" data-comments-opened=\"0\" data-image-meta=\"{&quot;aperture&quot;:&quot;0&quot;,&quot;credit&quot;:&quot;&quot;,&quot;camera&quot;:&quot;&quot;,&quot;caption&quot;:&quot;&quot;,&quot;created_timestamp&quot;:&quot;0&quot;,&quot;copyright&quot;:&quot;&quot;,&quot;focal_length&quot;:&quot;0&quot;,&quot;iso&quot;:&quot;0&quot;,&quot;shutter_speed&quot;:&quot;0&quot;,&quot;title&quot;:&quot;&quot;,&quot;orientation&quot;:&quot;0&quot;}\" data-image-title=\"decani_3_de\" data-image-description=\"\" data-image-caption=\"\" data-medium-file=\"http:\/\/de.esfkosovo.org\/wp-content\/uploads\/2016\/02\/decani_3_de-300x200.jpg\" data-large-file=\"http:\/\/de.esfkosovo.org\/wp-content\/uploads\/2016\/02\/decani_3_de.jpg\" tabindex=\"0\" role=\"button\" class=\"size-full wp-image-390 aligncenter\" src=\"http:\/\/de.esfkosovo.org\/wp-content\/uploads\/2016\/02\/decani_3_de.jpg\" alt=\"decani_3_de\" width=\"450\" height=\"300\" srcset=\"http:\/\/de.esfkosovo.org\/wp-content\/uploads\/2016\/02\/decani_3_de.jpg 450w, http:\/\/de.esfkosovo.org\/wp-content\/uploads\/2016\/02\/decani_3_de-300x200.jpg 300w\" sizes=\"auto, (max-width: 450px) 100vw, 450px\" \/><\/a><em>Islamistische Spr\u00fchereien am Kloster.<\/em><a href=\"http:\/\/de.esfkosovo.org\/wp-content\/uploads\/2016\/02\/decani_3_de.jpg\" rel=\"attachment wp-att-390\"><br \/>\n<\/a><em>Quelle: <a href=\"http:\/\/www.eparhija-prizren.com\/en\/news\/one-day-after-first-graffiti-new-extremist-graffiti-gates-decani-monastery-bishop-teodosije-req\" target=\"_blank\">http:\/\/www.eparhija-prizren.com\/en\/news\/one-day-after-first-graffiti-new-extremist-graffiti-gates-decani-monastery-bishop-teodosije-req<\/a><\/em><\/p>\n","protected":false},"excerpt":{"rendered":"<p>DE\u010cANI. Am Abend des 30. Januar, um 21:00 Uhr, wurde eine Gruppe von vier bewaffneten albanischen Islamisten vor dem serbisch-orthodoxen Kloster Visoki De\u010dani im Kosovo festgenommen. Italienische KFOR-Truppen durchsuchten gemeinsam&#8230;<\/p>\n","protected":false},"author":1,"featured_media":388,"comment_status":"closed","ping_status":"open","sticky":false,"template":"","format":"standard","meta":{"jetpack_post_was_ever_published":false,"_jetpack_newsletter_access":"","_jetpack_dont_email_post_to_subs":false,"_jetpack_newsletter_tier_id":0,"_jetpack_memberships_contains_paywalled_content":false,"_jetpack_memberships_contains_paid_content":false,"footnotes":"","jetpack_publicize_message":"","jetpack_publicize_feature_enabled":true,"jetpack_social_post_already_shared":true,"jetpack_social_options":{"image_generator_settings":{"template":"highway","enabled":false},"version":2}},"categories":[41],"tags":[122,121,128,127,23,120,126,125,124,123,65,22],"class_list":["post-387","post","type-post","status-publish","format-standard","has-post-thumbnail","hentry","category-meldungen","tag-ak-47","tag-angriff","tag-decani","tag-isis","tag-kfor","tag-kloster","tag-kosovo-polizei","tag-munition","tag-pistole","tag-terrorismus","tag-uebergriffe","tag-uck","entry"],"jetpack_publicize_connections":[],"jetpack_featured_media_url":"http:\/\/de.esfkosovo.org\/wp-content\/uploads\/2016\/02\/decani_1_de.jpg","jetpack_sharing_enabled":true,"jetpack_shortlink":"https:\/\/wp.me\/p5GANn-6f","_links":{"self":[{"href":"http:\/\/de.esfkosovo.org\/index.php?rest_route=\/wp\/v2\/posts\/387","targetHints":{"allow":["GET"]}}],"collection":[{"href":"http:\/\/de.esfkosovo.org\/index.php?rest_route=\/wp\/v2\/posts"}],"about":[{"href":"http:\/\/de.esfkosovo.org\/index.php?rest_route=\/wp\/v2\/types\/post"}],"author":[{"embeddable":true,"href":"http:\/\/de.esfkosovo.org\/index.php?rest_route=\/wp\/v2\/users\/1"}],"replies":[{"embeddable":true,"href":"http:\/\/de.esfkosovo.org\/index.php?rest_route=%2Fwp%2Fv2%2Fcomments&post=387"}],"version-history":[{"count":3,"href":"http:\/\/de.esfkosovo.org\/index.php?rest_route=\/wp\/v2\/posts\/387\/revisions"}],"predecessor-version":[{"id":393,"href":"http:\/\/de.esfkosovo.org\/index.php?rest_route=\/wp\/v2\/posts\/387\/revisions\/393"}],"wp:featuredmedia":[{"embeddable":true,"href":"http:\/\/de.esfkosovo.org\/index.php?rest_route=\/wp\/v2\/media\/388"}],"wp:attachment":[{"href":"http:\/\/de.esfkosovo.org\/index.php?rest_route=%2Fwp%2Fv2%2Fmedia&parent=387"}],"wp:term":[{"taxonomy":"category","embeddable":true,"href":"http:\/\/de.esfkosovo.org\/index.php?rest_route=%2Fwp%2Fv2%2Fcategories&post=387"},{"taxonomy":"post_tag","embeddable":true,"href":"http:\/\/de.esfkosovo.org\/index.php?rest_route=%2Fwp%2Fv2%2Ftags&post=387"}],"curies":[{"name":"wp","href":"https:\/\/api.w.org\/{rel}","templated":true}]}}