{"id":52,"date":"2015-01-30T15:21:06","date_gmt":"2015-01-30T15:21:06","guid":{"rendered":"http:\/\/de.esfkosovo.org\/?p=52"},"modified":"2015-01-30T20:04:04","modified_gmt":"2015-01-30T20:04:04","slug":"erneute-unruhen-im-kosovo-januar-2015","status":"publish","type":"post","link":"http:\/\/de.esfkosovo.org\/?p=52","title":{"rendered":"Erneute Unruhen im Kosovo &#8211; Januar 2015"},"content":{"rendered":"<p>DJAKOVICA \/ PRISTINA. Nicht f\u00fcr alle Serben war das orthodoxe Weihnachtsfest am 06. Januar ein Besinnliches. F\u00fcr 40 Fl\u00fcchtlinge aus Djakovica, der mit etwa 95.000 Einwohnern f\u00fcnftgr\u00f6\u00dften Stadt des Kosovo, endete die Reise in ihre alte Heimat am Heiligen Abend in einer Katastrophe. Hier, von wo sie im Juni 1999 w\u00e4hrend des Kosovo-Krieges fl\u00fcchten mussten, wollten sie gemeinsam mit den Nonnen des hiesigen orthodoxen Klosters das Weihnachtsfest feiern. <a href=\"http:\/\/www.b92.net\/eng\/news\/crimes.php?yyyy=2015&amp;mm=01&amp;dd=06&amp;nav_id=92783\" target=\"_blank\">Was dann geschah<\/a>, beschreibt Djokica Stanojevic, Leiter einer Gesellschaft vertriebener Einwohner aus Djakovica.<\/p>\n<p>Eine Gruppe von Albanern, die bereits direkt am Eingang zur Kirche wartete, griff den Bus trotz bereitgestellter Polizeieskorte mit Steinen an. Dabei wurde der Fahrer verletzt. Der Zutritt zur Kirche wurde verwehrt, wodurch den Serben auch das traditionelle Verbrennen der jungen Eichenzweige, des so genannten Badnjak, unm\u00f6glich gemacht wurde. Der Badnjak symbolisiert das von den Hirten gebrachte Holz, das Joseph entz\u00fcndete um die H\u00fctte zu erw\u00e4rmen, in der Jesus geboren wurde&#8230;<\/p>\n<p><span lang=\"de-DE\">Stanojevic verurteilte den <\/span><span lang=\"de-DE\">\u00dcbergriff<\/span><span lang=\"de-DE\"> und <\/span><span lang=\"de-DE\">stellt fest, dass es nicht der erste <\/span><span lang=\"de-DE\">dieser<\/span><span lang=\"de-DE\"> Art war. Bereits <a href=\"http:\/\/www.b92.net\/eng\/news\/crimes.php?yyyy=2014&amp;mm=01&amp;dd=06&amp;nav_id=88893\" target=\"_blank\">ein Jahr zuvor<\/a> ereignete sich ein \u00e4hnlicher Vorfall. <\/span><span lang=\"de-DE\">A<\/span><span lang=\"de-DE\">uch der kosovarische <\/span>Arbeitsminister Aleksandar Jablanovic, einer von drei ethnischen Serben im Kabinett von Ministerpr\u00e4sident Isa Mustafa, \u00e4u\u00dferte sich zu den Ereignissen, bezeichnete verschiedenen Medienberichten zufolge die Angreifer als \u201eWilde\u201c. Dies wiederum lie\u00df den Vorwurf eines zu nachgiebigen Umgangs der Regierung mit dem serbischen Nachbarn laut werden und sorgte f\u00fcr Proteste der albanischen Bev\u00f6lkerung. Vorl\u00e4ufiger H\u00f6hepunkt d\u00fcrften dabei die schweren Ausschreitungen am vergangenen Dienstag in der Hauptstadt Pristina sein, in deren Folge auch 56 Polizisten verletzt wurden.<\/p>\n<p>Eine von verschiedenen Oppositionsparteien organisierte Demonstration, bei der unter anderem auch der R\u00fccktritt Jablanovics gefordert wurde, endete in einer <a href=\"http:\/\/www.tanjug.rs\/news\/163045\/pristina-demonstrations-last-over-six-hours.htm\" target=\"_blank\">mehrst\u00fcndigen Orgie der Gewalt<\/a>. Die Protestler warfen Steine und Molotow-Cocktails auf Regierungsgeb\u00e4ude und Spezialeinheiten der Polizei. Diese reagierte mit Tr\u00e4nengas, Wasserwerfern und Gummigeschossen auf die Ausschreitungen. Mehr als 100 Demonstranten wurden in Gewahrsam genommen. <span lang=\"de-DE\">Die von Isa Mustafa und Hasim Taci, de<\/span><span lang=\"de-DE\">n<\/span><span lang=\"de-DE\"> F\u00fchrer<\/span><span lang=\"de-DE\">n<\/span><span lang=\"de-DE\"> der Regierungsmehrheit <\/span><span lang=\"de-DE\">geschaffenen und angeh\u00e4uften Probleme<\/span> <span lang=\"de-DE\">k\u00f6nn<\/span><span lang=\"de-DE\">t<\/span><span lang=\"de-DE\">en<\/span><span lang=\"de-DE\"> nicht von der Polizei gel\u00f6st werden, <\/span><span lang=\"de-DE\">postete daraufhin der ehemalige <\/span>U\u00c7K-Kommandant und heutige F\u00fchrer der <span lang=\"de-DE\">Allianz f\u00fcr die Zukunft des Kosovo, Ramus Haradinaj, <\/span><span lang=\"de-DE\">auf <\/span><span lang=\"de-DE\">Facebook. <\/span><span lang=\"de-DE\">Unmittelbar nach dem Gewaltausbruch k\u00fcndigten die Organisatoren die Fortsetzung ihrer Proteste an, bis zum R\u00fccktritt des Ministers. Dieser bat nach Informationen des <a href=\"http:\/\/www.spiegel.de\/politik\/ausland\/kosovo-gewaltsame-proteste-in-pristina-a-1015289.html\" target=\"_blank\">SPIEGEL<\/a> mittlerweile um Entschuldigung f\u00fcr seine \u00c4u\u00dferungen.<\/span><\/p>\n<p><span lang=\"de-DE\">Wo bleibt der Aufschrei der<\/span><span lang=\"de-DE\"> internationalen Gemeinschaft? <\/span><span lang=\"de-DE\">Wann werden die Vertriebenen <\/span><span lang=\"de-DE\">aus Djakovica <\/span><span lang=\"de-DE\">und mit ihnen alle anderen Serben im Kosovo<\/span><span lang=\"de-DE\"> ihre grundlegenden <\/span><span lang=\"de-DE\">R<\/span><span lang=\"de-DE\">echte \u2013 <\/span><span lang=\"de-DE\">d<\/span><span lang=\"de-DE\">as Recht auf Leben, R\u00fcckkehr, sich frei zu bewegen und <\/span><span lang=\"de-DE\">sich offen zu <\/span><span lang=\"de-DE\">ihrer<\/span><span lang=\"de-DE\"> Religion zu bekennen \u2013 ohne Angst vor derartigen \u00dcbergriffen wahrnehmen k\u00f6nnen? <\/span><span lang=\"de-DE\">Der Leiter der OSZE-Mission im Kosovo, Jean-Claude Schlumberger, lie\u00df lediglich wissen, die Menschen h\u00e4tten ein Recht darauf zu protestieren. Sie sollten ihre Meinung nur friedlich \u00e4u\u00dfern.<\/span><\/p>\n<p>&nbsp;<\/p>\n<p><center><iframe loading=\"lazy\" src=\"https:\/\/www.youtube.com\/embed\/d7CDQLScQmg?feature=player_detailpage\" width=\"640\" height=\"360\" frameborder=\"0\" allowfullscreen=\"allowfullscreen\"><\/iframe><\/center><center><em>Eindr\u00fccke der Ausschreitungen vom 27. Januar 2015 in Pristina.<\/em><br \/>\n<em>Quelle: <a href=\"https:\/\/www.youtube.com\/watch?feature=player_detailpage&amp;v=d7CDQLScQmg&amp;x-yt-ts=1422579428&amp;x-yt-cl=85114404\" target=\"_blank\">YouTube<\/a><\/em><\/center><\/p>\n","protected":false},"excerpt":{"rendered":"<p>DJAKOVICA \/ PRISTINA. Nicht f\u00fcr alle Serben war das orthodoxe Weihnachtsfest am 06. Januar ein Besinnliches. F\u00fcr 40 Fl\u00fcchtlinge aus Djakovica, der mit etwa 95.000 Einwohnern f\u00fcnftgr\u00f6\u00dften Stadt des Kosovo,&#8230;<\/p>\n","protected":false},"author":1,"featured_media":0,"comment_status":"closed","ping_status":"open","sticky":false,"template":"","format":"standard","meta":{"jetpack_post_was_ever_published":false,"_jetpack_newsletter_access":"","_jetpack_dont_email_post_to_subs":false,"_jetpack_newsletter_tier_id":0,"_jetpack_memberships_contains_paywalled_content":false,"_jetpack_memberships_contains_paid_content":false,"footnotes":"","jetpack_publicize_message":"","jetpack_publicize_feature_enabled":true,"jetpack_social_post_already_shared":false,"jetpack_social_options":{"image_generator_settings":{"template":"highway","enabled":false},"version":2}},"categories":[41],"tags":[4,40,37,35,36,39,10,38,33,34],"class_list":["post-52","post","type-post","status-publish","format-standard","hentry","category-meldungen","tag-4","tag-40","tag-ausschreitungen","tag-djakovica","tag-fluchtlinge","tag-januar","tag-kosovo","tag-pristina","tag-ubergriff","tag-weihnachten","entry"],"jetpack_publicize_connections":[],"jetpack_featured_media_url":"","jetpack_sharing_enabled":true,"jetpack_shortlink":"https:\/\/wp.me\/p5GANn-Q","_links":{"self":[{"href":"http:\/\/de.esfkosovo.org\/index.php?rest_route=\/wp\/v2\/posts\/52","targetHints":{"allow":["GET"]}}],"collection":[{"href":"http:\/\/de.esfkosovo.org\/index.php?rest_route=\/wp\/v2\/posts"}],"about":[{"href":"http:\/\/de.esfkosovo.org\/index.php?rest_route=\/wp\/v2\/types\/post"}],"author":[{"embeddable":true,"href":"http:\/\/de.esfkosovo.org\/index.php?rest_route=\/wp\/v2\/users\/1"}],"replies":[{"embeddable":true,"href":"http:\/\/de.esfkosovo.org\/index.php?rest_route=%2Fwp%2Fv2%2Fcomments&post=52"}],"version-history":[{"count":3,"href":"http:\/\/de.esfkosovo.org\/index.php?rest_route=\/wp\/v2\/posts\/52\/revisions"}],"predecessor-version":[{"id":58,"href":"http:\/\/de.esfkosovo.org\/index.php?rest_route=\/wp\/v2\/posts\/52\/revisions\/58"}],"wp:attachment":[{"href":"http:\/\/de.esfkosovo.org\/index.php?rest_route=%2Fwp%2Fv2%2Fmedia&parent=52"}],"wp:term":[{"taxonomy":"category","embeddable":true,"href":"http:\/\/de.esfkosovo.org\/index.php?rest_route=%2Fwp%2Fv2%2Fcategories&post=52"},{"taxonomy":"post_tag","embeddable":true,"href":"http:\/\/de.esfkosovo.org\/index.php?rest_route=%2Fwp%2Fv2%2Ftags&post=52"}],"curies":[{"name":"wp","href":"https:\/\/api.w.org\/{rel}","templated":true}]}}