{"id":662,"date":"2016-12-17T06:49:09","date_gmt":"2016-12-17T06:49:09","guid":{"rendered":"http:\/\/de.esfkosovo.org\/?p=662"},"modified":"2016-12-17T07:05:45","modified_gmt":"2016-12-17T07:05:45","slug":"wieder-ueberfall-auf-serben-im-kosovo","status":"publish","type":"post","link":"http:\/\/de.esfkosovo.org\/?p=662","title":{"rendered":"Wieder \u00dcberfall auf Serben im Kosovo"},"content":{"rendered":"<p>VITINA. Bereits am Abend des 9. Dezember wurde Goran Pejic, ein Serbe aus dem Dorf <span lang=\"de-DE\">Grn\u010dar in <\/span>der N\u00e4he von Kosovska Vitina von drei Kosovo-Albanern \u00fcberfallen und lebensbedrohlich verletzt. Wie die Medienenportale <a href=\"http:\/\/kossev.info\/strana\/arhiva\/srbin_iz_grncara_pretucen_i_na_odeljenju_intenzivne_nege_u_pristini\/10620\" target=\"_blank\">Kossev<\/a> und <a href=\"http:\/\/www.vaseljenska.com\/vesti\/kosovska-vitina-srbin-na-smrt-pretucen-zapaljena-srpska-kuca-video\/\" target=\"_blank\">Vaseljenska TV<\/a> berichten, wurden zwei der T\u00e4ter kurz nach der Tat identifiziert und verhaftet.<\/p>\n<p>Die Tat ereignete steht laut Medienberichten im Zusammenhang mit dem Kauf eines Autos, welches einer der Angreifer vom sp\u00e4teren Opfer gekauft, seine Schuld aber noch nicht beglichen hatte. Zur Kl\u00e4rung der Angelegenheit vereinbarten beide M\u00e4nner ein Treffen im Dorf Vrbovac. Am verabredeten Treffpunkt jedoch hatten bereits zwei Freunde des Schuldners einen Hinterhalt vorbereitet und griffen Goran Pejic mit St\u00f6cken an. Bewusstlos und mit schweren Kopfverletzungen blieb das Opfer in seinem eigenen Blut zur\u00fcck. Erst sp\u00e4ter gelang es Pejic, Freunde zu rufen, die ihn in das Krankenhaus von Vitina brachten. Wegen der Schwere seiner Verletzungen und innerer Blutungen wurde Pejic auf die Intensivstation in Pristina verlegt. Seine weitere Behandlung soll Berichten zufolge in Zentralserbien erfolgen.<\/p>\n<p><span lang=\"de-DE\">Die Bewohner der umliegenden D\u00f6rfer sind <\/span><span lang=\"de-DE\">durch den erneuten \u00dcbergriff ver\u00e4ngstigt und zugleich emp\u00f6rt \u00fcber <\/span><span lang=\"de-DE\">das Verhalten der sogenannten \u201eKosovo-Polizei\u201c, die <\/span><span lang=\"de-DE\">erst <\/span><span lang=\"de-DE\">nach einer langen Verz\u00f6gerung am <\/span><span lang=\"de-DE\">Ort des Angriffes<\/span><span lang=\"de-DE\"> ein<\/span><span lang=\"de-DE\">traf<\/span><span lang=\"de-DE\">.<\/span><\/p>\n<p><span lang=\"de-DE\">Seit der Unterzeichnung des Br\u00fcsseler \u00dcbereinkommens sind Anschl\u00e4ge, Raub\u00fcberf\u00e4lle und andere Verbrechen gegen Serben zunehmend verbreitet. <\/span><span lang=\"de-DE\">Mittlerweile berichten selbst<\/span><span lang=\"de-DE\"> serbische Medien nur noch selten oder <\/span><span lang=\"de-DE\">gar<\/span><span lang=\"de-DE\"> nicht \u00fcber <\/span><span lang=\"de-DE\">diese Vorf\u00e4lle<\/span><span lang=\"de-DE\">. <\/span><span lang=\"de-DE\">Auch nicht \u00fcber den<\/span><span lang=\"de-DE\"> Angriff auf Goran Pejic, <\/span><span lang=\"de-DE\">so <\/span><span lang=\"de-DE\">Vaseljenska TV <\/span><span lang=\"de-DE\">abschlie\u00dfend.<\/span><\/p>\n<p><a href=\"http:\/\/de.esfkosovo.org\/wp-content\/uploads\/2016\/12\/kp.png\"><img loading=\"lazy\" decoding=\"async\" data-attachment-id=\"663\" data-permalink=\"http:\/\/de.esfkosovo.org\/?attachment_id=663\" data-orig-file=\"http:\/\/de.esfkosovo.org\/wp-content\/uploads\/2016\/12\/kp.png\" data-orig-size=\"960,640\" data-comments-opened=\"0\" data-image-meta=\"{&quot;aperture&quot;:&quot;0&quot;,&quot;credit&quot;:&quot;&quot;,&quot;camera&quot;:&quot;&quot;,&quot;caption&quot;:&quot;&quot;,&quot;created_timestamp&quot;:&quot;0&quot;,&quot;copyright&quot;:&quot;&quot;,&quot;focal_length&quot;:&quot;0&quot;,&quot;iso&quot;:&quot;0&quot;,&quot;shutter_speed&quot;:&quot;0&quot;,&quot;title&quot;:&quot;&quot;,&quot;orientation&quot;:&quot;0&quot;}\" data-image-title=\"kp\" data-image-description=\"\" data-image-caption=\"\" data-medium-file=\"http:\/\/de.esfkosovo.org\/wp-content\/uploads\/2016\/12\/kp-300x200.png\" data-large-file=\"http:\/\/de.esfkosovo.org\/wp-content\/uploads\/2016\/12\/kp.png\" tabindex=\"0\" role=\"button\" class=\"size-full wp-image-663 aligncenter\" src=\"http:\/\/de.esfkosovo.org\/wp-content\/uploads\/2016\/12\/kp.png\" alt=\"\" width=\"960\" height=\"640\" srcset=\"http:\/\/de.esfkosovo.org\/wp-content\/uploads\/2016\/12\/kp.png 960w, http:\/\/de.esfkosovo.org\/wp-content\/uploads\/2016\/12\/kp-300x200.png 300w, http:\/\/de.esfkosovo.org\/wp-content\/uploads\/2016\/12\/kp-768x512.png 768w\" sizes=\"auto, (max-width: 960px) 100vw, 960px\" \/><\/a><\/p>\n","protected":false},"excerpt":{"rendered":"<p>VITINA. Bereits am Abend des 9. Dezember wurde Goran Pejic, ein Serbe aus dem Dorf Grn\u010dar in der N\u00e4he von Kosovska Vitina von drei Kosovo-Albanern \u00fcberfallen und lebensbedrohlich verletzt. Wie&#8230;<\/p>\n","protected":false},"author":1,"featured_media":663,"comment_status":"closed","ping_status":"open","sticky":false,"template":"","format":"standard","meta":{"jetpack_post_was_ever_published":false,"_jetpack_newsletter_access":"","_jetpack_dont_email_post_to_subs":true,"_jetpack_newsletter_tier_id":0,"_jetpack_memberships_contains_paywalled_content":false,"_jetpack_memberships_contains_paid_content":false,"footnotes":"","jetpack_publicize_message":"","jetpack_publicize_feature_enabled":true,"jetpack_social_post_already_shared":true,"jetpack_social_options":{"image_generator_settings":{"template":"highway","enabled":false},"version":2}},"categories":[41],"tags":[121,162,126,161,160,159],"class_list":["post-662","post","type-post","status-publish","format-standard","has-post-thumbnail","hentry","category-meldungen","tag-angriff","tag-angst","tag-kosovo-polizei","tag-lebensbedrohlich","tag-ueberfall","tag-vitina","entry"],"jetpack_publicize_connections":[],"jetpack_featured_media_url":"http:\/\/de.esfkosovo.org\/wp-content\/uploads\/2016\/12\/kp.png","jetpack_sharing_enabled":true,"jetpack_shortlink":"https:\/\/wp.me\/p5GANn-aG","_links":{"self":[{"href":"http:\/\/de.esfkosovo.org\/index.php?rest_route=\/wp\/v2\/posts\/662","targetHints":{"allow":["GET"]}}],"collection":[{"href":"http:\/\/de.esfkosovo.org\/index.php?rest_route=\/wp\/v2\/posts"}],"about":[{"href":"http:\/\/de.esfkosovo.org\/index.php?rest_route=\/wp\/v2\/types\/post"}],"author":[{"embeddable":true,"href":"http:\/\/de.esfkosovo.org\/index.php?rest_route=\/wp\/v2\/users\/1"}],"replies":[{"embeddable":true,"href":"http:\/\/de.esfkosovo.org\/index.php?rest_route=%2Fwp%2Fv2%2Fcomments&post=662"}],"version-history":[{"count":5,"href":"http:\/\/de.esfkosovo.org\/index.php?rest_route=\/wp\/v2\/posts\/662\/revisions"}],"predecessor-version":[{"id":668,"href":"http:\/\/de.esfkosovo.org\/index.php?rest_route=\/wp\/v2\/posts\/662\/revisions\/668"}],"wp:featuredmedia":[{"embeddable":true,"href":"http:\/\/de.esfkosovo.org\/index.php?rest_route=\/wp\/v2\/media\/663"}],"wp:attachment":[{"href":"http:\/\/de.esfkosovo.org\/index.php?rest_route=%2Fwp%2Fv2%2Fmedia&parent=662"}],"wp:term":[{"taxonomy":"category","embeddable":true,"href":"http:\/\/de.esfkosovo.org\/index.php?rest_route=%2Fwp%2Fv2%2Fcategories&post=662"},{"taxonomy":"post_tag","embeddable":true,"href":"http:\/\/de.esfkosovo.org\/index.php?rest_route=%2Fwp%2Fv2%2Ftags&post=662"}],"curies":[{"name":"wp","href":"https:\/\/api.w.org\/{rel}","templated":true}]}}