{"id":986,"date":"2018-01-12T09:02:40","date_gmt":"2018-01-12T09:02:40","guid":{"rendered":"http:\/\/de.esfkosovo.org\/?p=986"},"modified":"2018-01-12T09:02:40","modified_gmt":"2018-01-12T09:02:40","slug":"wieder-brandstiftungen-bei-serbischen-rueckkehrern","status":"publish","type":"post","link":"http:\/\/de.esfkosovo.org\/?p=986","title":{"rendered":"Wieder Brandstiftungen bei serbischen R\u00fcckkehrern"},"content":{"rendered":"<p>KLINA. Wie <a href=\"http:\/\/www.rtklive.com\/rtk2\/?id=2&amp;r=16068\" target=\"_blank\" rel=\"noopener\">RTK2<\/a> und der <a href=\"http:\/\/media.unmikonline.org\/?p=78743\" target=\"_blank\" rel=\"noopener\">UNMIK Media Observer<\/a> berichten, kam es in den vergangenen Tagen zu zwei erneuten Brandstiftungen in den Gemeinden Klina und Istok. Die Feuer vernichteten mehrere gro\u00dfe Heuschober, die w\u00e4hrend der Winterzeit zum F\u00fcttern der Tiere angelegt wurden.<\/p>\n<p>In der Nacht vom 9. auf den 10. Januar wurde Familie Dubi\u0107 aus Suvi Lukavac zum zweiten Mal Opfer eines solchen \u00dcbergriffes. Milorad Dubi\u0107, der vor sechs Jahren mit seiner Familie aus der N\u00e4he von Kraljevo, wo sie als Vertriebene lebten, zur\u00fcckgekehrt war erkl\u00e4rt:<\/p>\n<p>\u201eH\u00e4tte ich gewusst, dass es so sein w\u00fcrde, w\u00e4re ich nicht zur\u00fcckgekommen. Hier ist kein Leben. Bereits zweimal wurde mir das Futter f\u00fcr das Vieh angez\u00fcndet. Auch zwei K\u00fche hat man mir gestohlen.\u201c<\/p>\n<p>Die Tochter Sladjana Dubi\u0107 weist darauf hin, dass diesmal materielle Sch\u00e4den angerichtet werden sollten, die noch gr\u00f6\u00dfer sein k\u00f6nnten, wenn die Nachbarn das Feuer nicht rechtzeitig bemerkt h\u00e4tten.<\/p>\n<p>\u201eWir wurden gegen neun Uhr abends von den Nachbarn geweckt. Mein Vater und ich gingen raus und sahen ein gro\u00dfes Feuer. Wir sind hierher zur\u00fcckgekommen, wir wollen leben, aber alles ist sehr hart, ich wei\u00df nicht, wie es weitergehen soll.\u201c<\/p>\n<p>Der Sprecher der Kosovo-Polizei f\u00fcr die Region Pe\u0107, Dzevdet Ibraj, teilte RTK2 mit, dass die Einsatzpatrouille sofort eine Untersuchung durchgef\u00fchrt habe. Sch\u00e4tzungen zufolge liegt der materielle Schaden bei 600 Euro.<\/p>\n<p>In Suvi Lukavac lebten vor dem Krieg etwa 150 Serben, heute sind es nicht mehr als 20.<\/p>\n<p>Dies ist der zweite oder dritte Fall von Br\u00e4nden, bei denen das Heu serbischer R\u00fcckkehrer verbrannte. Erst vor zwei Tagen wurde im R\u00fcckkehrerdorf Rudice bei Klina das Heu der R\u00fcckkehrerfamilie Vuli\u0107 verbrannt, wie <a href=\"https:\/\/kosovo24sata.com\/2018\/01\/10\/zapaljeno-seno-i-slama-u-selima-suvi-lukavac-i-tucep\/\" target=\"_blank\" rel=\"noopener\">Kosovo24<\/a> berichtet.<\/p>\n<p style=\"text-align: center;\"><a href=\"http:\/\/de.esfkosovo.org\/wp-content\/uploads\/2018\/01\/fire_istok_1.png\"><img loading=\"lazy\" decoding=\"async\" data-attachment-id=\"987\" data-permalink=\"http:\/\/de.esfkosovo.org\/?attachment_id=987\" data-orig-file=\"http:\/\/de.esfkosovo.org\/wp-content\/uploads\/2018\/01\/fire_istok_1.png\" data-orig-size=\"960,640\" data-comments-opened=\"0\" data-image-meta=\"{&quot;aperture&quot;:&quot;0&quot;,&quot;credit&quot;:&quot;&quot;,&quot;camera&quot;:&quot;&quot;,&quot;caption&quot;:&quot;&quot;,&quot;created_timestamp&quot;:&quot;0&quot;,&quot;copyright&quot;:&quot;&quot;,&quot;focal_length&quot;:&quot;0&quot;,&quot;iso&quot;:&quot;0&quot;,&quot;shutter_speed&quot;:&quot;0&quot;,&quot;title&quot;:&quot;&quot;,&quot;orientation&quot;:&quot;0&quot;}\" data-image-title=\"fire_istok_1\" data-image-description=\"\" data-image-caption=\"\" data-medium-file=\"http:\/\/de.esfkosovo.org\/wp-content\/uploads\/2018\/01\/fire_istok_1-300x200.png\" data-large-file=\"http:\/\/de.esfkosovo.org\/wp-content\/uploads\/2018\/01\/fire_istok_1.png\" tabindex=\"0\" role=\"button\" class=\"aligncenter wp-image-987\" src=\"http:\/\/de.esfkosovo.org\/wp-content\/uploads\/2018\/01\/fire_istok_1.png\" alt=\"\" width=\"450\" height=\"300\" srcset=\"http:\/\/de.esfkosovo.org\/wp-content\/uploads\/2018\/01\/fire_istok_1.png 960w, http:\/\/de.esfkosovo.org\/wp-content\/uploads\/2018\/01\/fire_istok_1-300x200.png 300w, http:\/\/de.esfkosovo.org\/wp-content\/uploads\/2018\/01\/fire_istok_1-768x512.png 768w\" sizes=\"auto, (max-width: 450px) 100vw, 450px\" \/><\/a><em>Bildquelle: <a href=\"http:\/\/www.rtklive.com\/rtk2\/?id=2&amp;r=16068\" target=\"_blank\" rel=\"noopener\">rtklive.com<\/a><\/em><\/p>\n<p style=\"text-align: center;\"><a href=\"http:\/\/de.esfkosovo.org\/wp-content\/uploads\/2018\/01\/fire_istok_2.png\"><img loading=\"lazy\" decoding=\"async\" data-attachment-id=\"988\" data-permalink=\"http:\/\/de.esfkosovo.org\/?attachment_id=988\" data-orig-file=\"http:\/\/de.esfkosovo.org\/wp-content\/uploads\/2018\/01\/fire_istok_2.png\" data-orig-size=\"960,640\" data-comments-opened=\"0\" data-image-meta=\"{&quot;aperture&quot;:&quot;0&quot;,&quot;credit&quot;:&quot;&quot;,&quot;camera&quot;:&quot;&quot;,&quot;caption&quot;:&quot;&quot;,&quot;created_timestamp&quot;:&quot;0&quot;,&quot;copyright&quot;:&quot;&quot;,&quot;focal_length&quot;:&quot;0&quot;,&quot;iso&quot;:&quot;0&quot;,&quot;shutter_speed&quot;:&quot;0&quot;,&quot;title&quot;:&quot;&quot;,&quot;orientation&quot;:&quot;0&quot;}\" data-image-title=\"fire_istok_2\" data-image-description=\"\" data-image-caption=\"\" data-medium-file=\"http:\/\/de.esfkosovo.org\/wp-content\/uploads\/2018\/01\/fire_istok_2-300x200.png\" data-large-file=\"http:\/\/de.esfkosovo.org\/wp-content\/uploads\/2018\/01\/fire_istok_2.png\" tabindex=\"0\" role=\"button\" class=\"aligncenter wp-image-988\" src=\"http:\/\/de.esfkosovo.org\/wp-content\/uploads\/2018\/01\/fire_istok_2.png\" alt=\"\" width=\"450\" height=\"300\" srcset=\"http:\/\/de.esfkosovo.org\/wp-content\/uploads\/2018\/01\/fire_istok_2.png 960w, http:\/\/de.esfkosovo.org\/wp-content\/uploads\/2018\/01\/fire_istok_2-300x200.png 300w, http:\/\/de.esfkosovo.org\/wp-content\/uploads\/2018\/01\/fire_istok_2-768x512.png 768w\" sizes=\"auto, (max-width: 450px) 100vw, 450px\" \/><\/a><em>Bildquelle: <a href=\"https:\/\/kosovo24sata.com\/2018\/01\/10\/zapaljeno-seno-i-slama-u-selima-suvi-lukavac-i-tucep\/\" target=\"_blank\" rel=\"noopener\">kosovo24sata.com<\/a><\/em><\/p>\n<p>&nbsp;<\/p>\n","protected":false},"excerpt":{"rendered":"<p>KLINA. Wie RTK2 und der UNMIK Media Observer berichten, kam es in den vergangenen Tagen zu zwei erneuten Brandstiftungen in den Gemeinden Klina und Istok. Die Feuer vernichteten mehrere gro\u00dfe&#8230;<\/p>\n","protected":false},"author":1,"featured_media":987,"comment_status":"closed","ping_status":"open","sticky":false,"template":"","format":"standard","meta":{"jetpack_post_was_ever_published":false,"_jetpack_newsletter_access":"","_jetpack_dont_email_post_to_subs":false,"_jetpack_newsletter_tier_id":0,"_jetpack_memberships_contains_paywalled_content":false,"_jetpack_memberships_contains_paid_content":false,"footnotes":"","jetpack_publicize_message":"","jetpack_publicize_feature_enabled":true,"jetpack_social_post_already_shared":true,"jetpack_social_options":{"image_generator_settings":{"template":"highway","enabled":false},"version":2}},"categories":[41],"tags":[121,186,185,183,184,10,64],"class_list":["post-986","post","type-post","status-publish","format-standard","has-post-thumbnail","hentry","category-meldungen","tag-angriff","tag-brandstiftung","tag-heuschober","tag-istok","tag-klina","tag-kosovo","tag-rueckkehrer","entry"],"jetpack_publicize_connections":[],"jetpack_featured_media_url":"http:\/\/de.esfkosovo.org\/wp-content\/uploads\/2018\/01\/fire_istok_1.png","jetpack_sharing_enabled":true,"jetpack_shortlink":"https:\/\/wp.me\/p5GANn-fU","_links":{"self":[{"href":"http:\/\/de.esfkosovo.org\/index.php?rest_route=\/wp\/v2\/posts\/986","targetHints":{"allow":["GET"]}}],"collection":[{"href":"http:\/\/de.esfkosovo.org\/index.php?rest_route=\/wp\/v2\/posts"}],"about":[{"href":"http:\/\/de.esfkosovo.org\/index.php?rest_route=\/wp\/v2\/types\/post"}],"author":[{"embeddable":true,"href":"http:\/\/de.esfkosovo.org\/index.php?rest_route=\/wp\/v2\/users\/1"}],"replies":[{"embeddable":true,"href":"http:\/\/de.esfkosovo.org\/index.php?rest_route=%2Fwp%2Fv2%2Fcomments&post=986"}],"version-history":[{"count":1,"href":"http:\/\/de.esfkosovo.org\/index.php?rest_route=\/wp\/v2\/posts\/986\/revisions"}],"predecessor-version":[{"id":989,"href":"http:\/\/de.esfkosovo.org\/index.php?rest_route=\/wp\/v2\/posts\/986\/revisions\/989"}],"wp:featuredmedia":[{"embeddable":true,"href":"http:\/\/de.esfkosovo.org\/index.php?rest_route=\/wp\/v2\/media\/987"}],"wp:attachment":[{"href":"http:\/\/de.esfkosovo.org\/index.php?rest_route=%2Fwp%2Fv2%2Fmedia&parent=986"}],"wp:term":[{"taxonomy":"category","embeddable":true,"href":"http:\/\/de.esfkosovo.org\/index.php?rest_route=%2Fwp%2Fv2%2Fcategories&post=986"},{"taxonomy":"post_tag","embeddable":true,"href":"http:\/\/de.esfkosovo.org\/index.php?rest_route=%2Fwp%2Fv2%2Ftags&post=986"}],"curies":[{"name":"wp","href":"https:\/\/api.w.org\/{rel}","templated":true}]}}